{"id":502,"date":"2012-09-21T13:07:10","date_gmt":"2012-09-21T11:07:10","guid":{"rendered":"http:\/\/www.lilleborger.no\/ekstern\/wordpress\/?p=502"},"modified":"2012-09-21T14:42:55","modified_gmt":"2012-09-21T12:42:55","slug":"innbrudd-i-ivan-bjorndals-gate-10","status":"publish","type":"post","link":"http:\/\/www.lilleborger.no\/ekstern\/wordpress\/?p=502","title":{"rendered":"Innbrudd i Ivan Bj\u00f8rndals gate 10"},"content":{"rendered":"<p><a href=\"http:\/\/www.lilleborger.no\/ekstern\/wordpress\/wp-content\/uploads\/2012\/09\/20120921_1151411.jpg\"><img loading=\"lazy\" decoding=\"async\" class=\"alignright size-medium wp-image-505\" title=\"20120921_115141\" src=\"http:\/\/www.lilleborger.no\/ekstern\/wordpress\/wp-content\/uploads\/2012\/09\/20120921_1151411-225x300.jpg\" alt=\"\" width=\"225\" height=\"300\" srcset=\"http:\/\/www.lilleborger.no\/ekstern\/wordpress\/wp-content\/uploads\/2012\/09\/20120921_1151411-225x300.jpg 225w, http:\/\/www.lilleborger.no\/ekstern\/wordpress\/wp-content\/uploads\/2012\/09\/20120921_1151411-768x1024.jpg 768w, http:\/\/www.lilleborger.no\/ekstern\/wordpress\/wp-content\/uploads\/2012\/09\/20120921_1151411-112x150.jpg 112w, http:\/\/www.lilleborger.no\/ekstern\/wordpress\/wp-content\/uploads\/2012\/09\/20120921_1151411-400x533.jpg 400w\" sizes=\"auto, (max-width: 225px) 100vw, 225px\" \/><\/a>Ca klokken 05 p\u00e5 morgenen fredag den 21. september ble det kastet en sten inn et vindu p\u00e5 bakkeniv\u00e5 i Ivan Bj\u00f8rndals gate 10. Tyven hadde tatt plaststoler fra lageret i s\u00f8ppelskuret og klarte fra utsiden \u00e5 snappe med seg en 21&#8243; Mac som var synlig gjennom vinduet. Beboerne i leiligheten l\u00e5 og sov i et annet rom. Etter en kort flukt p\u00e5 sykkel medbringende Mac&#8217;en i en s\u00f8ppelpose, ble tyven p\u00e5grepet av politiet.<\/p>\n<p><a title=\"Oslopolitiet p\u00e5 Twitter\" href=\"https:\/\/twitter.com\/oslopolitiops\" target=\"_blank\">Oslopolitiet p\u00e5 twitter<\/a>: &#8220;Ivan Bj\u00f8rndalsgate, innbudd i bolig, stj\u00e5let pc, politiet raskt p\u00e5 stedet og en mann p\u00e5grepet syklende fra stedet med pc i handa&#8221;.<\/p>\n<p>I Sagene bydel har det v\u00e6rt flere slike tyverier, der datautstyr som er synlig utenifra i leiligheter eller biler har blitt stj\u00e5let for derfor \u00e5 ha blitt fraktet bort p\u00e5 sykkel. I dette tilfelle klarte tyven \u00e5 n\u00e5 et vindu litt opp fra bakkeniv\u00e5. Det oppfordres derfor til at man i 1.etg leiligheter ikke lar verdisaker som datautstyr v\u00e6re synlig og tilgjengelig fra utsiden.<\/p>\n","protected":false},"excerpt":{"rendered":"<p>Ca klokken 05 p\u00e5 morgenen fredag den 21. september ble det kastet en sten inn et vindu p\u00e5 bakkeniv\u00e5 i Ivan Bj\u00f8rndals gate 10. Tyven hadde tatt plaststoler fra lageret i s\u00f8ppelskuret og klarte fra utsiden \u00e5 snappe med seg &hellip; <a href=\"http:\/\/www.lilleborger.no\/ekstern\/wordpress\/?p=502\">Continue reading <span class=\"meta-nav\">&rarr;<\/span><\/a><\/p>\n","protected":false},"author":1,"featured_media":0,"comment_status":"open","ping_status":"open","sticky":false,"template":"","format":"standard","meta":{"ngg_post_thumbnail":0,"footnotes":""},"categories":[1],"tags":[],"class_list":["post-502","post","type-post","status-publish","format-standard","hentry","category-uncategorized"],"_links":{"self":[{"href":"http:\/\/www.lilleborger.no\/ekstern\/wordpress\/index.php?rest_route=\/wp\/v2\/posts\/502","targetHints":{"allow":["GET"]}}],"collection":[{"href":"http:\/\/www.lilleborger.no\/ekstern\/wordpress\/index.php?rest_route=\/wp\/v2\/posts"}],"about":[{"href":"http:\/\/www.lilleborger.no\/ekstern\/wordpress\/index.php?rest_route=\/wp\/v2\/types\/post"}],"author":[{"embeddable":true,"href":"http:\/\/www.lilleborger.no\/ekstern\/wordpress\/index.php?rest_route=\/wp\/v2\/users\/1"}],"replies":[{"embeddable":true,"href":"http:\/\/www.lilleborger.no\/ekstern\/wordpress\/index.php?rest_route=%2Fwp%2Fv2%2Fcomments&post=502"}],"version-history":[{"count":5,"href":"http:\/\/www.lilleborger.no\/ekstern\/wordpress\/index.php?rest_route=\/wp\/v2\/posts\/502\/revisions"}],"predecessor-version":[{"id":509,"href":"http:\/\/www.lilleborger.no\/ekstern\/wordpress\/index.php?rest_route=\/wp\/v2\/posts\/502\/revisions\/509"}],"wp:attachment":[{"href":"http:\/\/www.lilleborger.no\/ekstern\/wordpress\/index.php?rest_route=%2Fwp%2Fv2%2Fmedia&parent=502"}],"wp:term":[{"taxonomy":"category","embeddable":true,"href":"http:\/\/www.lilleborger.no\/ekstern\/wordpress\/index.php?rest_route=%2Fwp%2Fv2%2Fcategories&post=502"},{"taxonomy":"post_tag","embeddable":true,"href":"http:\/\/www.lilleborger.no\/ekstern\/wordpress\/index.php?rest_route=%2Fwp%2Fv2%2Ftags&post=502"}],"curies":[{"name":"wp","href":"https:\/\/api.w.org\/{rel}","templated":true}]}}