{"id":393,"date":"2011-10-21T01:16:53","date_gmt":"2011-10-20T23:16:53","guid":{"rendered":"http:\/\/www.lilleborger.no\/ekstern\/wordpress\/?p=393"},"modified":"2011-10-21T01:30:21","modified_gmt":"2011-10-20T23:30:21","slug":"zaki-shah-ny-eier-pa-copa-con-oro","status":"publish","type":"post","link":"http:\/\/www.lilleborger.no\/ekstern\/wordpress\/?p=393","title":{"rendered":"Zaki Shah ny eier p\u00e5 Copa Con Oro"},"content":{"rendered":"<p>&nbsp;<\/p>\n<p><a href=\"http:\/\/www.lilleborger.no\/ekstern\/wordpress\/wp-content\/uploads\/2011\/10\/COO_logo_265_013.jpg\"><img loading=\"lazy\" decoding=\"async\" class=\"alignright size-full wp-image-405\" title=\"COO_logo_265_01\" src=\"http:\/\/www.lilleborger.no\/ekstern\/wordpress\/wp-content\/uploads\/2011\/10\/COO_logo_265_013.jpg\" alt=\"\" width=\"186\" height=\"115\" srcset=\"http:\/\/www.lilleborger.no\/ekstern\/wordpress\/wp-content\/uploads\/2011\/10\/COO_logo_265_013.jpg 265w, http:\/\/www.lilleborger.no\/ekstern\/wordpress\/wp-content\/uploads\/2011\/10\/COO_logo_265_013-150x93.jpg 150w\" sizes=\"auto, (max-width: 186px) 100vw, 186px\" \/><\/a>V\u00e5r flotte Cafe CCO vil med virkning fra 1. November f\u00e5 ny eier, Zaki Shah. De n\u00e5v\u00e6rende eierne, Olav og Glenn vil konsentrere seg om og videref\u00f8re kaffebrenningen. Zaki har sammen med Br Placht eiendom utarbeidet en konseptbeskrivelse for den nye kafedriften som tilsier at det vil bli utvidelser i matserveringstilbudet med blant annet flere middagsretter, noe som h\u00f8res flott ut. \u00c5pningstidene vil ogs\u00e5 utvides noe i forhold til i dag. Zaki vil v\u00e6re mye til stede og delta i den praktiske driften av kafeen fremover &#8211; der navnet vil videref\u00f8res i minimum 2 \u00e5r fra overtagelsen.<\/p>\n<p>Lese flere detaljer om planene for nye CCO her:<\/p>\n<p><a href=\"http:\/\/www.lilleborger.no\/ekstern\/wordpress\/wp-content\/uploads\/2011\/10\/Konseptbeskrivelse-nye-CCO.pdf\">Konseptbeskrivelse nye CCO<\/a><\/p>\n","protected":false},"excerpt":{"rendered":"<p>&nbsp; V\u00e5r flotte Cafe CCO vil med virkning fra 1. November f\u00e5 ny eier, Zaki Shah. De n\u00e5v\u00e6rende eierne, Olav og Glenn vil konsentrere seg om og videref\u00f8re kaffebrenningen. Zaki har sammen med Br Placht eiendom utarbeidet en konseptbeskrivelse for &hellip; <a href=\"http:\/\/www.lilleborger.no\/ekstern\/wordpress\/?p=393\">Continue reading <span class=\"meta-nav\">&rarr;<\/span><\/a><\/p>\n","protected":false},"author":1,"featured_media":0,"comment_status":"open","ping_status":"open","sticky":false,"template":"","format":"standard","meta":{"ngg_post_thumbnail":0,"footnotes":""},"categories":[1],"tags":[],"class_list":["post-393","post","type-post","status-publish","format-standard","hentry","category-uncategorized"],"_links":{"self":[{"href":"http:\/\/www.lilleborger.no\/ekstern\/wordpress\/index.php?rest_route=\/wp\/v2\/posts\/393","targetHints":{"allow":["GET"]}}],"collection":[{"href":"http:\/\/www.lilleborger.no\/ekstern\/wordpress\/index.php?rest_route=\/wp\/v2\/posts"}],"about":[{"href":"http:\/\/www.lilleborger.no\/ekstern\/wordpress\/index.php?rest_route=\/wp\/v2\/types\/post"}],"author":[{"embeddable":true,"href":"http:\/\/www.lilleborger.no\/ekstern\/wordpress\/index.php?rest_route=\/wp\/v2\/users\/1"}],"replies":[{"embeddable":true,"href":"http:\/\/www.lilleborger.no\/ekstern\/wordpress\/index.php?rest_route=%2Fwp%2Fv2%2Fcomments&post=393"}],"version-history":[{"count":10,"href":"http:\/\/www.lilleborger.no\/ekstern\/wordpress\/index.php?rest_route=\/wp\/v2\/posts\/393\/revisions"}],"predecessor-version":[{"id":409,"href":"http:\/\/www.lilleborger.no\/ekstern\/wordpress\/index.php?rest_route=\/wp\/v2\/posts\/393\/revisions\/409"}],"wp:attachment":[{"href":"http:\/\/www.lilleborger.no\/ekstern\/wordpress\/index.php?rest_route=%2Fwp%2Fv2%2Fmedia&parent=393"}],"wp:term":[{"taxonomy":"category","embeddable":true,"href":"http:\/\/www.lilleborger.no\/ekstern\/wordpress\/index.php?rest_route=%2Fwp%2Fv2%2Fcategories&post=393"},{"taxonomy":"post_tag","embeddable":true,"href":"http:\/\/www.lilleborger.no\/ekstern\/wordpress\/index.php?rest_route=%2Fwp%2Fv2%2Ftags&post=393"}],"curies":[{"name":"wp","href":"https:\/\/api.w.org\/{rel}","templated":true}]}}