{"id":271,"date":"2011-10-12T22:46:33","date_gmt":"2011-10-12T20:46:33","guid":{"rendered":"http:\/\/www.lilleborger.no\/ekstern\/wordpress\/?p=271"},"modified":"2011-10-14T01:20:34","modified_gmt":"2011-10-13T23:20:34","slug":"sak-om-bygging-av-rekkehus-a6","status":"publish","type":"post","link":"http:\/\/www.lilleborger.no\/ekstern\/wordpress\/?p=271","title":{"rendered":"Sak om bygging av rekkehus A6 &#8211; igjen"},"content":{"rendered":"<p>NCC hadde tidligere fors\u00f8kt \u00e5 f\u00e5 tillatelse til \u00e5 bygge rekkehus p\u00e5 plenen p\u00e5 felt &nbsp;A6. Dette ble avvist etter et beboerinitiativ som resulterte i nedlegging av forbud mot bygging. N\u00e5 har NCC alikevel tatt initiativ for \u00e5 fors\u00f8ke \u00e5 f\u00e5 lov til \u00e5 bygge igjen plenen. &nbsp;<a title=\"A6\" href=\"http:\/\/web102881.pbe.oslo.kommune.no\/saksinnsyn\/casedet.asp?mode=all&amp;caseno=200905588\" target=\"_blank\">Klikk her for \u00e5 se dokumenter i saken.<\/a>&nbsp; Konkret er dette gjort ved at NCC har krevd \u00e5 f\u00e5 rammetillatelse for \u00e5 sette i gang bygging p\u00e5 A6. Dette kravet har blitt avvist av Plan og bygningsetaten men NCC fors\u00f8ker \u00e5 kj\u00f8re denne saken videre p\u00e5 formaliteter og mot det politiske vedtaket.<\/p>\n<p><a href=\"http:\/\/www.lilleborger.no\/ekstern\/wordpress\/wp-content\/uploads\/2011\/10\/2_Vedr\u00bfrende-krav-om-rammetillatels-e-Ivan-Bj\u00afrndals-gate-19-21.pdf\">Svar fra kommunen vedr\u00f8rende krav om rammetillatelse &#8211; Ivan Bj\u00f8rndals gate 19 &#8211; 21<\/a><\/p>\n<p>Se ogs\u00e5 <a href=\"http:\/\/www.lilleborger.no\/ekstern\/wordpress\/wp-content\/uploads\/2011\/10\/Beboeraksjonens-uttalelse-til-klage.pdf\">Beboeraksjonens uttalelse til klage<\/a><\/p>\n","protected":false},"excerpt":{"rendered":"<p>NCC hadde tidligere fors\u00f8kt \u00e5 f\u00e5 tillatelse til \u00e5 bygge rekkehus p\u00e5 plenen p\u00e5 felt &nbsp;A6. Dette ble avvist etter et beboerinitiativ som resulterte i nedlegging av forbud mot bygging. N\u00e5 har NCC alikevel tatt initiativ for \u00e5 fors\u00f8ke \u00e5 &hellip; <a href=\"http:\/\/www.lilleborger.no\/ekstern\/wordpress\/?p=271\">Continue reading <span class=\"meta-nav\">&rarr;<\/span><\/a><\/p>\n","protected":false},"author":1,"featured_media":0,"comment_status":"open","ping_status":"open","sticky":false,"template":"","format":"standard","meta":{"ngg_post_thumbnail":0,"footnotes":""},"categories":[1],"tags":[],"class_list":["post-271","post","type-post","status-publish","format-standard","hentry","category-uncategorized"],"_links":{"self":[{"href":"http:\/\/www.lilleborger.no\/ekstern\/wordpress\/index.php?rest_route=\/wp\/v2\/posts\/271","targetHints":{"allow":["GET"]}}],"collection":[{"href":"http:\/\/www.lilleborger.no\/ekstern\/wordpress\/index.php?rest_route=\/wp\/v2\/posts"}],"about":[{"href":"http:\/\/www.lilleborger.no\/ekstern\/wordpress\/index.php?rest_route=\/wp\/v2\/types\/post"}],"author":[{"embeddable":true,"href":"http:\/\/www.lilleborger.no\/ekstern\/wordpress\/index.php?rest_route=\/wp\/v2\/users\/1"}],"replies":[{"embeddable":true,"href":"http:\/\/www.lilleborger.no\/ekstern\/wordpress\/index.php?rest_route=%2Fwp%2Fv2%2Fcomments&post=271"}],"version-history":[{"count":8,"href":"http:\/\/www.lilleborger.no\/ekstern\/wordpress\/index.php?rest_route=\/wp\/v2\/posts\/271\/revisions"}],"predecessor-version":[{"id":306,"href":"http:\/\/www.lilleborger.no\/ekstern\/wordpress\/index.php?rest_route=\/wp\/v2\/posts\/271\/revisions\/306"}],"wp:attachment":[{"href":"http:\/\/www.lilleborger.no\/ekstern\/wordpress\/index.php?rest_route=%2Fwp%2Fv2%2Fmedia&parent=271"}],"wp:term":[{"taxonomy":"category","embeddable":true,"href":"http:\/\/www.lilleborger.no\/ekstern\/wordpress\/index.php?rest_route=%2Fwp%2Fv2%2Fcategories&post=271"},{"taxonomy":"post_tag","embeddable":true,"href":"http:\/\/www.lilleborger.no\/ekstern\/wordpress\/index.php?rest_route=%2Fwp%2Fv2%2Ftags&post=271"}],"curies":[{"name":"wp","href":"https:\/\/api.w.org\/{rel}","templated":true}]}}