{"id":1708,"date":"2020-10-20T15:09:50","date_gmt":"2020-10-20T14:09:50","guid":{"rendered":"http:\/\/www.lilleborger.no\/ekstern\/wordpress\/?p=1708"},"modified":"2020-10-20T15:09:50","modified_gmt":"2020-10-20T14:09:50","slug":"endring-og-handheving-av-parkeringsbestemmelser-for-kjoretoy-med-registreringsnummer-pa-sameiet-lilleborg-det-lille-gronnes-eiendom","status":"publish","type":"post","link":"http:\/\/www.lilleborger.no\/ekstern\/wordpress\/?p=1708","title":{"rendered":"Endring og h\u00e5ndheving av parkeringsbestemmelser for kj\u00f8ret\u00f8y med registreringsnummer p\u00e5 Sameiet Lilleborg Det Lille Gr\u00f8nne\u2019s eiendom."},"content":{"rendered":"\n<p><strong>A. Bakgrunn og ikrafttredelse:<br><\/strong>Nedenst\u00e5ende punkter er satt opp etter befaring med Aimo park p\u00e5 DLG\u2019s uteomr\u00e5de og i garasjen onsdag 2. september 2020 og p\u00e5f\u00f8lgende styrebehandling og -vedtak i Sameiet Lilleborg Det Lille Gr\u00f8nne, i m\u00f8te den 16. september:<strong><\/strong><\/p>\n\n\n\n<p>Vedtatt ordning tr\u00e5dte i kraft 16. oktober (omskilting var da effektuert).<br>Parkeringsovertredelser ber\u00f8rt av justerte rutiner varsles uten kontrollgebyr i perioden 16. oktober \u2013 15. november.&nbsp;<br>Bruk av kontrollgebyr ilegges deretter, fra og med 16. november 2020.<br><br><\/p>\n\n\n\n<p><strong>B. F\u00f8lgende bestemmelser gjelder:<\/strong><\/p>\n\n\n\n<p>1)&nbsp;&nbsp;&nbsp;&nbsp;Parkering p\u00e5 uteomr\u00e5de arealer, inklusive fortau, som ikke er merket som regulert til parkering, er ikke tillatt.&nbsp; Dvs. kun varelevering + av \u2013 og p\u00e5lessing er tillatt p\u00e5 ikke oppmerkede parkeringsplasser.<br>Kontroll utf\u00f8res regelmessig i henhold til skilting.<br><br>Nye omr\u00e5der til systematisk oppf\u00f8lging videre inkluderer<br>1a. Kj\u00f8revei p\u00e5 syd-vestre side av Ivan Bj\u00f8rndals gate 9 (bygg A4; Det Andr\u00e9 Teateret mm.)<br>1b. Plassen mellom Ivan Bj\u00f8rndals gate 27 (bygg A1; kunstatelier) og Ivan Bj\u00f8rndals gate 25 (bygg A2; Villa Tivoli), samt passasje langs A1 s-v endevegg.<br>1c. Arealet mellom Ivan Bj\u00f8rndals gate 9, Ivan Bj\u00f8rndals gate 1 og 3 (leilighetsblokk C1) og Ivan Bj\u00f8rndals gate 5 og 7 (leilighetsblokk C2), &nbsp;her kalt indre g\u00e5rd.&nbsp;<br>Unntatt her er biloppstillingsplasser langs n-\u00f8 vegg til Ivan Bj\u00f8rndals gate 9 (tilh\u00f8rer A4 eiendommen), i indre g\u00e5rd.<br>1d. Hele uteomr\u00e5det p\u00e5 garasjelokket v\/Ivan Bj\u00f8rndals gate 2-26, alle fortau, lekeplasser og plener.<\/p>\n\n\n\n<p>1e.&nbsp; Unntak gjelder omr\u00e5de s-v for A5\/A7, seksjonert for uteservering tilh\u00f8rende n\u00e6ringsseksjonen i dette sameiet (omr\u00e5det framg\u00e5r av s\u00e6rskilt steinsetting p\u00e5 dette arealet).<br><br>Begrunnelse: DLG har interesse av \u00e5 sikre at det parkeres i kontrollerte former og til minst mulig sjenanse for beboere og n\u00e6ringsdrivende.&nbsp; DLG skal ogs\u00e5 ivareta eiernes felles interesser n\u00e5r det gjelder \u00f8konomiforvaltningen.&nbsp; Herunder sikre at det genereres l\u00f8pende inntekter fra de avgiftsregulerte parkeringsplassene, ute og inne.<br><br><\/p>\n\n\n\n<p>2)&nbsp;&nbsp;&nbsp;&nbsp;Sanksjonering av feilparkerte kj\u00f8ret\u00f8y i garasjene og \u00abny-regulerte\u00bb omr\u00e5der ute:&nbsp;<br>a. Innledningsvis, for tidsrommet 16. oktober &#8211; 15. november 2020:<br>I en overgangsperiode festes varsellapp p\u00e5 kj\u00f8ret\u00f8yer som er parkert p\u00e5 omr\u00e5dene som fra n\u00e5 av vil bli h\u00e5ndhevet i henhold til gjennomf\u00f8rte endringer.&nbsp;<br>Begrunnelse for overgangsperiode:<\/p>\n\n\n\n<p>Sikre at de nye bestemmelsene er tydeliggjort for flest mulig, spesielt de som har hatt for vane \u00e5 parkere p\u00e5 omr\u00e5der som n\u00e5 blir regulert.&nbsp;<\/p>\n\n\n\n<p>Forebygge p\u00e5 best mulig m\u00e5te at ny ordning kommer som en ubehagelig overraskelse.<\/p>\n\n\n\n<p><br>b. Langsiktig:<br>Kontroll av \u00abny regulerte\u00bb ute omr\u00e5der vil legges til ordin\u00e6r kontroll og utf\u00f8res regelmessig, fra og med 16. november 2020.<br><br>Innvendig i garasjen ser vi inntil videre lempelig p\u00e5 parkering mellom s\u00f8yler og ellers steder som ikke anses \u00e5 v\u00e6re til ulempe eller fare for kj\u00f8ret\u00f8y p\u00e5 og brukere av regulerte plasser og heller ikke er til hinder for generell framkommelighet\/r\u00f8mningsveier.<br><br>Ved eventuelle tilleggs-behov ute og\/eller inne i garasjen:<br>Beboer ringer inn, ved behov, for ilegging av kontrollgebyr:<br>Kontaktinfo: Aimo park v\/Ann Katrin Johansen (928 83&nbsp;207) og\/eller Aimo park p\u00e5 21007670 (tastevalg 4).<br>Husk \u00e5 oppgi hvilken garasje (K1\/K2), n\u00e6rmeste oppgang\/husnr., samt registreringsnr. p\u00e5 kj\u00f8ret\u00f8yet som \u00f8nskes kontrollert.<br><br><\/p>\n\n\n\n<p>3)&nbsp;&nbsp;&nbsp;&nbsp;Skilting<\/p>\n\n\n\n<p>a. MC\/Moped skilt p\u00e5 s-v enden av Ivan Bj\u00f8rndals gate 5 og 7 (leilighetsblokka C2) er fjernet:&nbsp;<br>Begrunnelse: Dette omr\u00e5det prioriteres til parkering av sykler og andre ikke registreringspliktige kj\u00f8ret\u00f8y. Registrerte kj\u00f8ret\u00f8yer parkeres p\u00e5 p-plasser som beboerne og n\u00e6ringsdrivende har eksklusiv bruksrett til, i garasjene.&nbsp; For \u00f8vrig er parkering av registrerte kj\u00f8ret\u00f8y avgiftsbelagt, p\u00e5 omr\u00e5det.<br><br>b. Skilt med navnet \u00abLilleborg torg\u00bb er satt opp tvers av Ivan Bj\u00f8rndals gate 32.<br>Begrunnelse: Plassen har skiftet navn gjennom formelt vedtak i Oslo kommune v\/Sagene bydel.<\/p>\n","protected":false},"excerpt":{"rendered":"<p>A. Bakgrunn og ikrafttredelse:Nedenst\u00e5ende punkter er satt opp etter befaring med Aimo park p\u00e5 DLG\u2019s uteomr\u00e5de og i garasjen onsdag 2. september 2020 og p\u00e5f\u00f8lgende styrebehandling og -vedtak i Sameiet Lilleborg Det Lille Gr\u00f8nne, i m\u00f8te den 16. september: Vedtatt &hellip; <a href=\"http:\/\/www.lilleborger.no\/ekstern\/wordpress\/?p=1708\">Continue reading <span class=\"meta-nav\">&rarr;<\/span><\/a><\/p>\n","protected":false},"author":10,"featured_media":0,"comment_status":"closed","ping_status":"closed","sticky":false,"template":"","format":"standard","meta":{"ngg_post_thumbnail":0,"footnotes":""},"categories":[1],"tags":[],"class_list":["post-1708","post","type-post","status-publish","format-standard","hentry","category-uncategorized"],"_links":{"self":[{"href":"http:\/\/www.lilleborger.no\/ekstern\/wordpress\/index.php?rest_route=\/wp\/v2\/posts\/1708","targetHints":{"allow":["GET"]}}],"collection":[{"href":"http:\/\/www.lilleborger.no\/ekstern\/wordpress\/index.php?rest_route=\/wp\/v2\/posts"}],"about":[{"href":"http:\/\/www.lilleborger.no\/ekstern\/wordpress\/index.php?rest_route=\/wp\/v2\/types\/post"}],"author":[{"embeddable":true,"href":"http:\/\/www.lilleborger.no\/ekstern\/wordpress\/index.php?rest_route=\/wp\/v2\/users\/10"}],"replies":[{"embeddable":true,"href":"http:\/\/www.lilleborger.no\/ekstern\/wordpress\/index.php?rest_route=%2Fwp%2Fv2%2Fcomments&post=1708"}],"version-history":[{"count":1,"href":"http:\/\/www.lilleborger.no\/ekstern\/wordpress\/index.php?rest_route=\/wp\/v2\/posts\/1708\/revisions"}],"predecessor-version":[{"id":1709,"href":"http:\/\/www.lilleborger.no\/ekstern\/wordpress\/index.php?rest_route=\/wp\/v2\/posts\/1708\/revisions\/1709"}],"wp:attachment":[{"href":"http:\/\/www.lilleborger.no\/ekstern\/wordpress\/index.php?rest_route=%2Fwp%2Fv2%2Fmedia&parent=1708"}],"wp:term":[{"taxonomy":"category","embeddable":true,"href":"http:\/\/www.lilleborger.no\/ekstern\/wordpress\/index.php?rest_route=%2Fwp%2Fv2%2Fcategories&post=1708"},{"taxonomy":"post_tag","embeddable":true,"href":"http:\/\/www.lilleborger.no\/ekstern\/wordpress\/index.php?rest_route=%2Fwp%2Fv2%2Ftags&post=1708"}],"curies":[{"name":"wp","href":"https:\/\/api.w.org\/{rel}","templated":true}]}}