{"id":1240,"date":"2018-06-24T18:13:27","date_gmt":"2018-06-24T17:13:27","guid":{"rendered":"http:\/\/www.lilleborger.no\/ekstern\/wordpress\/?p=1240"},"modified":"2018-06-24T18:24:11","modified_gmt":"2018-06-24T17:24:11","slug":"dlg-arsmote-2018","status":"publish","type":"post","link":"http:\/\/www.lilleborger.no\/ekstern\/wordpress\/?p=1240","title":{"rendered":"DLG \u00e5rsm\u00f8te 2018"},"content":{"rendered":"<p>Det ble gjennomf\u00f8rt \u00e5rsm\u00f8te i DLG den 31.05.2018. Innkalling, protokoll og reviderte vedtekter er vedlagt.<\/p>\n<iframe src=\"\/\/docs.google.com\/viewer?url=http%3A%2F%2Fwww.lilleborger.no%2Fekstern%2Fwordpress%2Fwp-content%2Fuploads%2F2018%2F06%2FInnkalling-2018-Sameiet-Lilleborg-Det-Lille-Gr%C3%B8nne.pdf&hl=en_US&embedded=true\" class=\"gde-frame\" style=\"width:100%; height:500px; border: none;\" scrolling=\"no\"><\/iframe>\n<p class=\"gde-text\"><a href=\"http:\/\/www.lilleborger.no\/ekstern\/wordpress\/wp-content\/uploads\/2018\/06\/Innkalling-2018-Sameiet-Lilleborg-Det-Lille-Gr\u00f8nne.pdf\" class=\"gde-link\">Download (PDF, 1.42MB)<\/a><\/p>\n<iframe src=\"\/\/docs.google.com\/viewer?url=http%3A%2F%2Fwww.lilleborger.no%2Fekstern%2Fwordpress%2Fwp-content%2Fuploads%2F2018%2F06%2FProtokoll-DLG-%C3%85rsm%C3%B8te-31_05_2018.pdf&hl=en_US&embedded=true\" class=\"gde-frame\" style=\"width:100%; height:500px; border: none;\" scrolling=\"no\"><\/iframe>\n<p class=\"gde-text\"><a href=\"http:\/\/www.lilleborger.no\/ekstern\/wordpress\/wp-content\/uploads\/2018\/06\/Protokoll-DLG-\u00c5rsm\u00f8te-31_05_2018.pdf\" class=\"gde-link\">Download (PDF, 91KB)<\/a><\/p>\n<iframe src=\"\/\/docs.google.com\/viewer?url=http%3A%2F%2Fwww.lilleborger.no%2Fekstern%2Fwordpress%2Fwp-content%2Fuploads%2F2018%2F06%2FVedtekter-Sameiet-Lilleborg-Det-Lille-Gr%C3%B8nne_rev-31_05_2018.pdf&hl=en_US&embedded=true\" class=\"gde-frame\" style=\"width:100%; height:500px; border: none;\" scrolling=\"no\"><\/iframe>\n<p class=\"gde-text\"><a href=\"http:\/\/www.lilleborger.no\/ekstern\/wordpress\/wp-content\/uploads\/2018\/06\/Vedtekter-Sameiet-Lilleborg-Det-Lille-Gr\u00f8nne_rev-31_05_2018.pdf\" class=\"gde-link\">Download (PDF, 116KB)<\/a><\/p>\n<p>&nbsp;<\/p>\n","protected":false},"excerpt":{"rendered":"<p>Det ble gjennomf\u00f8rt \u00e5rsm\u00f8te i DLG den 31.05.2018. Innkalling, protokoll og reviderte vedtekter er vedlagt. &nbsp;<\/p>\n","protected":false},"author":1,"featured_media":0,"comment_status":"closed","ping_status":"closed","sticky":false,"template":"","format":"standard","meta":{"ngg_post_thumbnail":0,"footnotes":""},"categories":[1],"tags":[],"class_list":["post-1240","post","type-post","status-publish","format-standard","hentry","category-uncategorized"],"_links":{"self":[{"href":"http:\/\/www.lilleborger.no\/ekstern\/wordpress\/index.php?rest_route=\/wp\/v2\/posts\/1240","targetHints":{"allow":["GET"]}}],"collection":[{"href":"http:\/\/www.lilleborger.no\/ekstern\/wordpress\/index.php?rest_route=\/wp\/v2\/posts"}],"about":[{"href":"http:\/\/www.lilleborger.no\/ekstern\/wordpress\/index.php?rest_route=\/wp\/v2\/types\/post"}],"author":[{"embeddable":true,"href":"http:\/\/www.lilleborger.no\/ekstern\/wordpress\/index.php?rest_route=\/wp\/v2\/users\/1"}],"replies":[{"embeddable":true,"href":"http:\/\/www.lilleborger.no\/ekstern\/wordpress\/index.php?rest_route=%2Fwp%2Fv2%2Fcomments&post=1240"}],"version-history":[{"count":2,"href":"http:\/\/www.lilleborger.no\/ekstern\/wordpress\/index.php?rest_route=\/wp\/v2\/posts\/1240\/revisions"}],"predecessor-version":[{"id":1248,"href":"http:\/\/www.lilleborger.no\/ekstern\/wordpress\/index.php?rest_route=\/wp\/v2\/posts\/1240\/revisions\/1248"}],"wp:attachment":[{"href":"http:\/\/www.lilleborger.no\/ekstern\/wordpress\/index.php?rest_route=%2Fwp%2Fv2%2Fmedia&parent=1240"}],"wp:term":[{"taxonomy":"category","embeddable":true,"href":"http:\/\/www.lilleborger.no\/ekstern\/wordpress\/index.php?rest_route=%2Fwp%2Fv2%2Fcategories&post=1240"},{"taxonomy":"post_tag","embeddable":true,"href":"http:\/\/www.lilleborger.no\/ekstern\/wordpress\/index.php?rest_route=%2Fwp%2Fv2%2Ftags&post=1240"}],"curies":[{"name":"wp","href":"https:\/\/api.w.org\/{rel}","templated":true}]}}