{"id":1121,"date":"2018-03-16T22:15:32","date_gmt":"2018-03-16T21:15:32","guid":{"rendered":"http:\/\/www.lilleborger.no\/ekstern\/wordpress\/?p=1121"},"modified":"2018-03-16T22:15:32","modified_gmt":"2018-03-16T21:15:32","slug":"flytting-av-biler-i-uke-12-19-23-mars","status":"publish","type":"post","link":"http:\/\/www.lilleborger.no\/ekstern\/wordpress\/?p=1121","title":{"rendered":"Flytting av biler i uke 12; 19-23 mars"},"content":{"rendered":"<p style=\"text-align: center;\"><strong>Arbeidene med \u00e5 inntallere ladere fortsetter og kommende uke m\u00e5 f\u00f8lgende biler flyttes:<\/strong><\/p>\n<p style=\"text-align: left;\">B2:&nbsp; Fra og med 250 til og med 264 og 266: flyttes 1 m ut fra midtlinja (dvs litt ut i veibanen)<\/p>\n<p style=\"text-align: left;\">B3: &nbsp;Fra og med 298 til og med 308 :&nbsp; Flyttes 1 m ut fra vegg<\/p>\n<p style=\"text-align: left;\">B4: &nbsp;Fra og med 309&nbsp; til og med 315: Flyttes 1 m&nbsp; ut fra vegg<\/p>\n<p style=\"text-align: left;\">B5:&nbsp; Fra og med 295 til og med 297: &nbsp;Flyttes 1 m ut fra vegg<\/p>\n<p style=\"text-align: left;\">Hilsen DLG-styret<\/p>\n","protected":false},"excerpt":{"rendered":"<p>Arbeidene med \u00e5 inntallere ladere fortsetter og kommende uke m\u00e5 f\u00f8lgende biler flyttes: B2:&nbsp; Fra og med 250 til og med 264 og 266: flyttes 1 m ut fra midtlinja (dvs litt ut i veibanen) B3: &nbsp;Fra og med 298 &hellip; <a href=\"http:\/\/www.lilleborger.no\/ekstern\/wordpress\/?p=1121\">Continue reading <span class=\"meta-nav\">&rarr;<\/span><\/a><\/p>\n","protected":false},"author":10,"featured_media":0,"comment_status":"closed","ping_status":"closed","sticky":false,"template":"","format":"standard","meta":{"ngg_post_thumbnail":0,"footnotes":""},"categories":[1],"tags":[],"class_list":["post-1121","post","type-post","status-publish","format-standard","hentry","category-uncategorized"],"_links":{"self":[{"href":"http:\/\/www.lilleborger.no\/ekstern\/wordpress\/index.php?rest_route=\/wp\/v2\/posts\/1121","targetHints":{"allow":["GET"]}}],"collection":[{"href":"http:\/\/www.lilleborger.no\/ekstern\/wordpress\/index.php?rest_route=\/wp\/v2\/posts"}],"about":[{"href":"http:\/\/www.lilleborger.no\/ekstern\/wordpress\/index.php?rest_route=\/wp\/v2\/types\/post"}],"author":[{"embeddable":true,"href":"http:\/\/www.lilleborger.no\/ekstern\/wordpress\/index.php?rest_route=\/wp\/v2\/users\/10"}],"replies":[{"embeddable":true,"href":"http:\/\/www.lilleborger.no\/ekstern\/wordpress\/index.php?rest_route=%2Fwp%2Fv2%2Fcomments&post=1121"}],"version-history":[{"count":1,"href":"http:\/\/www.lilleborger.no\/ekstern\/wordpress\/index.php?rest_route=\/wp\/v2\/posts\/1121\/revisions"}],"predecessor-version":[{"id":1122,"href":"http:\/\/www.lilleborger.no\/ekstern\/wordpress\/index.php?rest_route=\/wp\/v2\/posts\/1121\/revisions\/1122"}],"wp:attachment":[{"href":"http:\/\/www.lilleborger.no\/ekstern\/wordpress\/index.php?rest_route=%2Fwp%2Fv2%2Fmedia&parent=1121"}],"wp:term":[{"taxonomy":"category","embeddable":true,"href":"http:\/\/www.lilleborger.no\/ekstern\/wordpress\/index.php?rest_route=%2Fwp%2Fv2%2Fcategories&post=1121"},{"taxonomy":"post_tag","embeddable":true,"href":"http:\/\/www.lilleborger.no\/ekstern\/wordpress\/index.php?rest_route=%2Fwp%2Fv2%2Ftags&post=1121"}],"curies":[{"name":"wp","href":"https:\/\/api.w.org\/{rel}","templated":true}]}}